{"id":1075,"date":"2019-08-19T13:22:23","date_gmt":"2019-08-19T16:22:23","guid":{"rendered":"https:\/\/justicapotiguar.com.br\/?p=1075"},"modified":"2019-08-19T13:22:23","modified_gmt":"2019-08-19T16:22:23","slug":"empresa-responde-objetivamente-por-acidente-com-trabalhador-que-usa-moto","status":"publish","type":"post","link":"https:\/\/justicapotiguar.com.br\/index.php\/2019\/08\/19\/empresa-responde-objetivamente-por-acidente-com-trabalhador-que-usa-moto\/","title":{"rendered":"Empresa responde objetivamente por acidente com trabalhador que usa moto"},"content":{"rendered":"\n<div class=\"wp-block-image\"><figure class=\"aligncenter is-resized\"><img loading=\"lazy\" src=\"https:\/\/justicapotiguar.com.br\/wp-content\/uploads\/2019\/08\/moto-acidente1.jpeg\" alt=\"\" class=\"wp-image-1076\" width=\"458\" height=\"344\"\/><figcaption>Foto: Reprodu\u00e7\u00e3o<\/figcaption><\/figure><\/div>\n\n\n\n<p>A atividade exercida com uso de moto atrai a responsabilidade objetiva da empresa em caso de acidente, independentemente de culpa ou dolo. A decis\u00e3o \u00e9 da 2\u00aa Turma do Tribunal Superior do Trabalho ao reafirmar jurisprud\u00eancia da corte e condenar uma empresa a pagar R$ 15 mil&nbsp;a um promotor de vendas que havia sofrido acidente com a pr\u00f3pria moto quando voltava do trabalho para casa.<\/p>\n\n\n\n<p>O ju\u00edzo de primeiro grau chegou a entender aplic\u00e1vel a responsabilidade objetiva do empregador, mas rejeitou os pedidos de indeniza\u00e7\u00e3o por considerar que o acidente ocorreu por culpa exclusiva do empregado.<\/p>\n\n\n\n<p>O Tribunal Regional do Trabalho da 12\u00aa Regi\u00e3o (SC) descartou at\u00e9 mesmo a teoria do risco. Segundo o TRT, este deve ser inerente \u00e0 pr\u00f3pria atividade e, no caso do empregado \u2014 que se locomovia entre os clientes de motocicleta \u2014, estaria ligado a fatores condicionantes, como o fluxo de ve\u00edculo das rodovias e o estado em que elas se encontram. Para o TRT-12, a ocorr\u00eancia de fato exclusivo da v\u00edtima inviabilizava a responsabiliza\u00e7\u00e3o da empresa pelo acidente.<\/p><div class=\"mpuaz69edbaf0dec38\" ><!--<a href=\"https:\/\/bit.ly\/3QdrqTZ\" target=\"_blank\">\n<img src=\"https:\/\/justicapotiguar.com.br\/wp-content\/uploads\/2023\/09\/mobile-geral.gif\"\/><a\/>--><\/div><style type=\"text\/css\">\r\n.mpuaz69edbaf0dec38 {\r\ntext-align: center;\r\n}\r\n@media screen and (min-width: 1201px) {\r\n.mpuaz69edbaf0dec38 {\r\ndisplay: none;\r\n}\r\n}\r\n@media screen and (min-width: 993px) and (max-width: 1200px) {\r\n.mpuaz69edbaf0dec38 {\r\ndisplay: none;\r\n}\r\n}\r\n@media screen and (min-width: 769px) and (max-width: 992px) {\r\n.mpuaz69edbaf0dec38 {\r\ndisplay: none;\r\n}\r\n}\r\n@media screen and (min-width: 768px) and (max-width: 768px) {\r\n.mpuaz69edbaf0dec38 {\r\ndisplay: block;\r\n}\r\n}\r\n@media screen and (max-width: 767px) {\r\n.mpuaz69edbaf0dec38 {\r\ndisplay: block;\r\n}\r\n}\r\n<\/style>\r\n<div class=\"jdeei69edbaf0dec1d\" ><!--<a href=\"https:\/\/bit.ly\/3QdrqTZ\" target=\"_blank\">\n<img src=\"https:\/\/justicapotiguar.com.br\/wp-content\/uploads\/2023\/09\/desktop-geral.gif\"\/><a\/>--><\/div><style type=\"text\/css\">\r\n.jdeei69edbaf0dec1d {\r\ntext-align: center;\nmargin-bottom: 1em;\r\n}\r\n@media screen and (min-width: 1201px) {\r\n.jdeei69edbaf0dec1d {\r\ndisplay: block;\r\n}\r\n}\r\n@media screen and (min-width: 993px) and (max-width: 1200px) {\r\n.jdeei69edbaf0dec1d {\r\ndisplay: block;\r\n}\r\n}\r\n@media screen and (min-width: 769px) and (max-width: 992px) {\r\n.jdeei69edbaf0dec1d {\r\ndisplay: block;\r\n}\r\n}\r\n@media screen and (min-width: 768px) and (max-width: 768px) {\r\n.jdeei69edbaf0dec1d {\r\ndisplay: none;\r\n}\r\n}\r\n@media screen and (max-width: 767px) {\r\n.jdeei69edbaf0dec1d {\r\ndisplay: none;\r\n}\r\n}\r\n<\/style>\r\n\n\n\n\n<p>Segundo a relatora do recurso de revista do empregado, ministra Maria Helena Malmann, o TST tem se posicionado, em circunst\u00e2ncias semelhantes, pelo reconhecimento da responsabilidade objetiva da empresa pelo acidente. \u201cIndubitavelmente, o condutor de motocicleta est\u00e1 mais sujeito a acidentes do que o motorista dos demais ve\u00edculos automotores urbanos\u201d, destacou.<\/p>\n\n\n\n<p>Ainda de acordo com a relatora, a periculosidade desse tipo de trabalho consta do par\u00e1grafo 4\u00ba do artigo 193 da CLT. Dessa forma, n\u00e3o h\u00e1 a necessidade de comprovar culpa da empresa pelo acidente, bastando a rela\u00e7\u00e3o de causa com o trabalho. A decis\u00e3o foi un\u00e2nime.<em>&nbsp;Com informa\u00e7\u00f5es da assessoria de imprensa do TST.<\/em><\/p>\n","protected":false},"excerpt":{"rendered":"<p>A decis\u00e3o \u00e9 da 2\u00aa Turma do Tribunal Superior do Trabalho<br \/><a class=\"more-link\" href=\"https:\/\/justicapotiguar.com.br\/index.php\/2019\/08\/19\/empresa-responde-objetivamente-por-acidente-com-trabalhador-que-usa-moto\/\">Mais&#8230;<\/a><\/p>\n","protected":false},"author":5,"featured_media":1076,"comment_status":"open","ping_status":"open","sticky":false,"template":"","format":"standard","meta":[],"categories":[3],"tags":[],"_links":{"self":[{"href":"https:\/\/justicapotiguar.com.br\/index.php\/wp-json\/wp\/v2\/posts\/1075"}],"collection":[{"href":"https:\/\/justicapotiguar.com.br\/index.php\/wp-json\/wp\/v2\/posts"}],"about":[{"href":"https:\/\/justicapotiguar.com.br\/index.php\/wp-json\/wp\/v2\/types\/post"}],"author":[{"embeddable":true,"href":"https:\/\/justicapotiguar.com.br\/index.php\/wp-json\/wp\/v2\/users\/5"}],"replies":[{"embeddable":true,"href":"https:\/\/justicapotiguar.com.br\/index.php\/wp-json\/wp\/v2\/comments?post=1075"}],"version-history":[{"count":1,"href":"https:\/\/justicapotiguar.com.br\/index.php\/wp-json\/wp\/v2\/posts\/1075\/revisions"}],"predecessor-version":[{"id":1077,"href":"https:\/\/justicapotiguar.com.br\/index.php\/wp-json\/wp\/v2\/posts\/1075\/revisions\/1077"}],"wp:featuredmedia":[{"embeddable":true,"href":"https:\/\/justicapotiguar.com.br\/index.php\/wp-json\/wp\/v2\/media\/1076"}],"wp:attachment":[{"href":"https:\/\/justicapotiguar.com.br\/index.php\/wp-json\/wp\/v2\/media?parent=1075"}],"wp:term":[{"taxonomy":"category","embeddable":true,"href":"https:\/\/justicapotiguar.com.br\/index.php\/wp-json\/wp\/v2\/categories?post=1075"},{"taxonomy":"post_tag","embeddable":true,"href":"https:\/\/justicapotiguar.com.br\/index.php\/wp-json\/wp\/v2\/tags?post=1075"}],"curies":[{"name":"wp","href":"https:\/\/api.w.org\/{rel}","templated":true}]}}