{"id":10352,"date":"2020-06-08T07:32:16","date_gmt":"2020-06-08T10:32:16","guid":{"rendered":"https:\/\/justicapotiguar.com.br\/?p=10352"},"modified":"2020-06-07T16:54:50","modified_gmt":"2020-06-07T19:54:50","slug":"cabe-ao-judiciario-e-nao-as-forcas-armadas-resolver-conflitos-entre-poderes-diz-ex-ministro-da-defesa","status":"publish","type":"post","link":"https:\/\/justicapotiguar.com.br\/index.php\/2020\/06\/08\/cabe-ao-judiciario-e-nao-as-forcas-armadas-resolver-conflitos-entre-poderes-diz-ex-ministro-da-defesa\/","title":{"rendered":"&#8220;Cabe ao Judici\u00e1rio, e n\u00e3o \u00e0s For\u00e7as Armadas, resolver conflitos entre Poderes&#8221;, diz ex-ministro da Defesa"},"content":{"rendered":"\n<p>O argumento de que o artigo 142 da Constitui\u00e7\u00e3o permite uma interven\u00e7\u00e3o militar voltou a ganhar for\u00e7a recentemente. O dispositivo estabelece que as For\u00e7as Armadas &#8220;destinam-se \u00e0 defesa da P\u00e1tria, \u00e0 garantia dos poderes constitucionais e, por iniciativa de qualquer destes, da lei e da ordem&#8221;. Em\u00a0<a rel=\"noreferrer noopener\" href=\"https:\/\/www.conjur.com.br\/2020-mai-28\/ives-gandra-artigo-142-constituicao-brasileira\" target=\"_blank\">artigo<\/a>\u00a0publicado na\u00a0<strong>ConJur<\/strong>, o jurista Ives Gandra da Silva Martins afirma que, em caso de conflito entre o Executivo e qualquer dos outros dois Poderes (Legislativo e Judici\u00e1rio), em que haja invas\u00e3o de atribui\u00e7\u00f5es, os l\u00edderes militares poderiam atuar como moderadores.<\/p>\n\n\n\n<figure class=\"wp-block-image\"><img loading=\"lazy\" width=\"678\" height=\"452\" src=\"https:\/\/justicapotiguar.com.br\/wp-content\/uploads\/2020\/06\/images-36.jpeg\" alt=\"\" class=\"wp-image-10353\" srcset=\"https:\/\/justicapotiguar.com.br\/wp-content\/uploads\/2020\/06\/images-36.jpeg 678w, https:\/\/justicapotiguar.com.br\/wp-content\/uploads\/2020\/06\/images-36-300x200.jpeg 300w\" sizes=\"(max-width: 678px) 100vw, 678px\" \/><figcaption>Reprodu\u00e7\u00e3o<\/figcaption><\/figure>\n\n\n\n<p>Ex-ministro da Defesa \u2014 a quem Ex\u00e9rcito, Marinha e Aeron\u00e1utica est\u00e3o subordinados \u2014 e da Seguran\u00e7a P\u00fablica no governo Michel Temer,&nbsp;<strong>Raul Jungmann<\/strong>&nbsp;recha\u00e7a essa interpreta\u00e7\u00e3o. Ele lembra que cabe ao Judici\u00e1rio, e n\u00e3o \u00e0s For\u00e7as Armadas, atuar como moderador de conflitos entre Poderes.<\/p>\n\n\n\n<p>&#8220;Em todo e qualquer conflito entre Poderes, a \u00faltima palavra, constitucionalmente, \u00e9 do Judici\u00e1rio. N\u00e3o tem o menor cabimento essa interpreta\u00e7\u00e3o. \u00c9 um ju\u00edzo enviesado, que presta um desservi\u00e7o \u00e0 democracia. Militares n\u00e3o podem agir autonomamente, eles t\u00eam que agir a pedido de algum dos Poderes. No caso de haver um conflito entre Poderes, entre um Poder chamar as For\u00e7as Armadas e o outro n\u00e3o chamar, a \u00faltima inst\u00e2ncia que interpreta a Constitui\u00e7\u00e3o \u00e9 exatamente o STF. Por que existe a Justi\u00e7a sen\u00e3o para dirimir conflitos?&#8221;, questiona, ressaltando que Ex\u00e9rcito, Marinha e Aeron\u00e1utica n\u00e3o embarcariam em um golpe, como tem sido aventado por alguns devido ao grande n\u00famero de militares no governo Jair Bolsonaro.<\/p>\n\n\n\n<p>Quando o Minist\u00e9rio da Seguran\u00e7a P\u00fablica foi criado, em fevereiro de 2018, a Pol\u00edcia Federal passou a ser comandada pela pasta. Com base nessa experi\u00eancia, Jungmann avalia que a corpora\u00e7\u00e3o n\u00e3o se deixaria ser usada atender a objetivos pessoais de Bolsonaro. Ao deixar o Minist\u00e9rio da Justi\u00e7a e da Seguran\u00e7a P\u00fablica, Sergio Moro&nbsp;<a href=\"https:\/\/www.conjur.com.br\/2020-abr-24\/moro-deixa-ministerio-justica-exoneracao-diretor-pf\" target=\"_blank\" rel=\"noreferrer noopener\">alegou<\/a>&nbsp;que o presidente quis interferir na PF para proteger a sua fam\u00edlia e aliados. A acusa\u00e7\u00e3o \u00e9 alvo de&nbsp;<a href=\"https:\/\/www.conjur.com.br\/2020-mai-22\/celso-libera-video-texto-reuniao-bolsonaro-ministros\" target=\"_blank\" rel=\"noreferrer noopener\">inqu\u00e9rito<\/a>&nbsp;no Supremo Tribunal Federal.<\/p><div class=\"jdstw69f17d07f3848\" ><!--<a href=\"https:\/\/bit.ly\/3QdrqTZ\" target=\"_blank\">\n<img src=\"https:\/\/justicapotiguar.com.br\/wp-content\/uploads\/2023\/09\/mobile-geral.gif\"\/><a\/>--><\/div><style type=\"text\/css\">\r\n.jdstw69f17d07f3848 {\r\ntext-align: center;\r\n}\r\n@media screen and (min-width: 1201px) {\r\n.jdstw69f17d07f3848 {\r\ndisplay: none;\r\n}\r\n}\r\n@media screen and (min-width: 993px) and (max-width: 1200px) {\r\n.jdstw69f17d07f3848 {\r\ndisplay: none;\r\n}\r\n}\r\n@media screen and (min-width: 769px) and (max-width: 992px) {\r\n.jdstw69f17d07f3848 {\r\ndisplay: none;\r\n}\r\n}\r\n@media screen and (min-width: 768px) and (max-width: 768px) {\r\n.jdstw69f17d07f3848 {\r\ndisplay: block;\r\n}\r\n}\r\n@media screen and (max-width: 767px) {\r\n.jdstw69f17d07f3848 {\r\ndisplay: block;\r\n}\r\n}\r\n<\/style>\r\n<div class=\"ccqel69f17d07f3835\" ><!--<a href=\"https:\/\/bit.ly\/3QdrqTZ\" target=\"_blank\">\n<img src=\"https:\/\/justicapotiguar.com.br\/wp-content\/uploads\/2023\/09\/desktop-geral.gif\"\/><a\/>--><\/div><style type=\"text\/css\">\r\n.ccqel69f17d07f3835 {\r\ntext-align: center;\nmargin-bottom: 1em;\r\n}\r\n@media screen and (min-width: 1201px) {\r\n.ccqel69f17d07f3835 {\r\ndisplay: block;\r\n}\r\n}\r\n@media screen and (min-width: 993px) and (max-width: 1200px) {\r\n.ccqel69f17d07f3835 {\r\ndisplay: block;\r\n}\r\n}\r\n@media screen and (min-width: 769px) and (max-width: 992px) {\r\n.ccqel69f17d07f3835 {\r\ndisplay: block;\r\n}\r\n}\r\n@media screen and (min-width: 768px) and (max-width: 768px) {\r\n.ccqel69f17d07f3835 {\r\ndisplay: none;\r\n}\r\n}\r\n@media screen and (max-width: 767px) {\r\n.ccqel69f17d07f3835 {\r\ndisplay: none;\r\n}\r\n}\r\n<\/style>\r\n\n\n\n\n<p>A gest\u00e3o de Moro na pasta teve pontos positivos, diz Jungmann. Por\u00e9m, ele critica o abandono do Sistema \u00danico de Seguran\u00e7a P\u00fablica e da linha de cr\u00e9dito para o financiamento de a\u00e7\u00f5es na \u00e1rea.<\/p>\n\n\n\n<p>Em entrevista \u00e0\u00a0<strong>ConJur<\/strong>\u00a0por telefone, o ex-ministro tamb\u00e9m defendeu pol\u00edticas sociais para reduzir a criminalidade, declarou que a flexibiliza\u00e7\u00e3o da posse e do porte de armas aumenta a viol\u00eancia e analisou o legado da interven\u00e7\u00e3o federal na seguran\u00e7a do Rio de Janeiro.<\/p>\n\n\n\n<p>Conjur<\/p>\n","protected":false},"excerpt":{"rendered":"<p>O argumento de que o artigo 142 da Constitui\u00e7\u00e3o permite uma interven\u00e7\u00e3o militar voltou a ganhar for\u00e7a recentemente. O dispositivo estabelece que as For\u00e7as Armadas &#8220;destinam-se \u00e0 defesa da P\u00e1tria, \u00e0 garantia dos poderes constitucionais e, por iniciativa de qualquer destes, da lei e da ordem&#8221;. Em\u00a0artigo\u00a0publicado na\u00a0ConJur, o jurista Ives Gandra da Silva Martins<br \/><a class=\"more-link\" href=\"https:\/\/justicapotiguar.com.br\/index.php\/2020\/06\/08\/cabe-ao-judiciario-e-nao-as-forcas-armadas-resolver-conflitos-entre-poderes-diz-ex-ministro-da-defesa\/\">Mais&#8230;<\/a><\/p>\n","protected":false},"author":5,"featured_media":10353,"comment_status":"open","ping_status":"open","sticky":false,"template":"","format":"standard","meta":[],"categories":[3],"tags":[],"_links":{"self":[{"href":"https:\/\/justicapotiguar.com.br\/index.php\/wp-json\/wp\/v2\/posts\/10352"}],"collection":[{"href":"https:\/\/justicapotiguar.com.br\/index.php\/wp-json\/wp\/v2\/posts"}],"about":[{"href":"https:\/\/justicapotiguar.com.br\/index.php\/wp-json\/wp\/v2\/types\/post"}],"author":[{"embeddable":true,"href":"https:\/\/justicapotiguar.com.br\/index.php\/wp-json\/wp\/v2\/users\/5"}],"replies":[{"embeddable":true,"href":"https:\/\/justicapotiguar.com.br\/index.php\/wp-json\/wp\/v2\/comments?post=10352"}],"version-history":[{"count":1,"href":"https:\/\/justicapotiguar.com.br\/index.php\/wp-json\/wp\/v2\/posts\/10352\/revisions"}],"predecessor-version":[{"id":10354,"href":"https:\/\/justicapotiguar.com.br\/index.php\/wp-json\/wp\/v2\/posts\/10352\/revisions\/10354"}],"wp:featuredmedia":[{"embeddable":true,"href":"https:\/\/justicapotiguar.com.br\/index.php\/wp-json\/wp\/v2\/media\/10353"}],"wp:attachment":[{"href":"https:\/\/justicapotiguar.com.br\/index.php\/wp-json\/wp\/v2\/media?parent=10352"}],"wp:term":[{"taxonomy":"category","embeddable":true,"href":"https:\/\/justicapotiguar.com.br\/index.php\/wp-json\/wp\/v2\/categories?post=10352"},{"taxonomy":"post_tag","embeddable":true,"href":"https:\/\/justicapotiguar.com.br\/index.php\/wp-json\/wp\/v2\/tags?post=10352"}],"curies":[{"name":"wp","href":"https:\/\/api.w.org\/{rel}","templated":true}]}}