{"id":10333,"date":"2020-06-06T13:06:47","date_gmt":"2020-06-06T16:06:47","guid":{"rendered":"https:\/\/justicapotiguar.com.br\/?p=10333"},"modified":"2020-06-06T09:10:02","modified_gmt":"2020-06-06T12:10:02","slug":"vivo-o-racismo-todos-os-dias-ate-na-magistratura-juiza-relata-preconceitos","status":"publish","type":"post","link":"https:\/\/justicapotiguar.com.br\/index.php\/2020\/06\/06\/vivo-o-racismo-todos-os-dias-ate-na-magistratura-juiza-relata-preconceitos\/","title":{"rendered":"\u201cVivo o racismo todos os dias, at\u00e9 na magistratura\u201d: ju\u00edza relata preconceitos"},"content":{"rendered":"\n<p>A ficha de que a sujei\u00e7\u00e3o \u00e0 viol\u00eancia estava na pr\u00f3pria pele s\u00f3 caiu para\u00a0<strong>Bruna Rodrigues<\/strong>, 33, quando ela se tornou ju\u00edza de Direito. Natural de S\u00e3o Paulo e oriunda \u201cde uma fam\u00edlia humilde, com todas as dificuldades inerentes a quem teve que estudar em escola p\u00fablica\u201d, a magistrada \u00e9 titular da Vara \u00danica de Paracuru, na Regi\u00e3o Metropolitana de Fortaleza, e confessa ter imaginado que a profiss\u00e3o blindaria os ataques racistas \u2013 mas segue vivenciando situa\u00e7\u00f5es de viol\u00eancia.<\/p>\n\n\n\n<figure class=\"wp-block-image\"><img loading=\"lazy\" width=\"550\" height=\"310\" src=\"https:\/\/justicapotiguar.com.br\/wp-content\/uploads\/2020\/06\/vivo-racismo-todos-dias-magistratura-juiza.jpg\" alt=\"\" class=\"wp-image-10334\" srcset=\"https:\/\/justicapotiguar.com.br\/wp-content\/uploads\/2020\/06\/vivo-racismo-todos-dias-magistratura-juiza.jpg 550w, https:\/\/justicapotiguar.com.br\/wp-content\/uploads\/2020\/06\/vivo-racismo-todos-dias-magistratura-juiza-300x169.jpg 300w\" sizes=\"(max-width: 550px) 100vw, 550px\" \/><figcaption>Reprodu\u00e7\u00e3o<\/figcaption><\/figure>\n\n\n\n<p>&#8220;Pensei que, quando me tornasse ju\u00edza, n\u00e3o passaria mais por situa\u00e7\u00f5es racistas, que isso era atrelado \u00e0s condi\u00e7\u00f5es sociais e financeiras. Foi uma ilus\u00e3o. Mesmo hoje, estando na maior classe social e tendo um dos melhores sal\u00e1rios do Pa\u00eds, vivo o racismo todos os dias, inclusive no exerc\u00edcio da magistratura. \u00c9 algo visual, \u00e9 de cor, \u00e9 a pele. A pessoa pode ser pobre ou rica: ela \u00e9 negra\u201d, sentencia Bruna.<\/p>\n\n\n\n<p>Apesar da firmeza necess\u00e1ria para lidar com as discrimina\u00e7\u00f5es di\u00e1rias, a ju\u00edza reconhece que o cen\u00e1rio \u00e9 cansativo. \u201cO ser humano comporta v\u00e1rios pap\u00e9is: a Bruna ju\u00edza, a m\u00e3e, a filha. Em todas o racismo d\u00f3i do mesmo jeito, mas hoje sei como me portar. Num epis\u00f3dio no F\u00f3rum, um advogado chegou pra falar com a ju\u00edza: indicaram que era eu, e ele continuou perguntando pela ju\u00edza. Fiquei estarrecida, mas minha rea\u00e7\u00e3o foi respond\u00ea-lo da forma mais t\u00e9cnica poss\u00edvel. Obrigo o racista a enxergar que eu estou na escala de poder. A vis\u00e3o dele \u00e9 t\u00e3o ofuscada pela cor da pele que s\u00f3 enxerga uma pessoa negra, e n\u00e3o a ju\u00edza a quem deve respeitar\u201d, frisa Bruna.<ins><\/ins><\/p><div class=\"oaenb69f52c098706d\" ><!--<a href=\"https:\/\/bit.ly\/3QdrqTZ\" target=\"_blank\">\n<img src=\"https:\/\/justicapotiguar.com.br\/wp-content\/uploads\/2023\/09\/mobile-geral.gif\"\/><a\/>--><\/div><style type=\"text\/css\">\r\n.oaenb69f52c098706d {\r\ntext-align: center;\r\n}\r\n@media screen and (min-width: 1201px) {\r\n.oaenb69f52c098706d {\r\ndisplay: none;\r\n}\r\n}\r\n@media screen and (min-width: 993px) and (max-width: 1200px) {\r\n.oaenb69f52c098706d {\r\ndisplay: none;\r\n}\r\n}\r\n@media screen and (min-width: 769px) and (max-width: 992px) {\r\n.oaenb69f52c098706d {\r\ndisplay: none;\r\n}\r\n}\r\n@media screen and (min-width: 768px) and (max-width: 768px) {\r\n.oaenb69f52c098706d {\r\ndisplay: block;\r\n}\r\n}\r\n@media screen and (max-width: 767px) {\r\n.oaenb69f52c098706d {\r\ndisplay: block;\r\n}\r\n}\r\n<\/style>\r\n<div class=\"yizda69f52c0987053\" ><!--<a href=\"https:\/\/bit.ly\/3QdrqTZ\" target=\"_blank\">\n<img src=\"https:\/\/justicapotiguar.com.br\/wp-content\/uploads\/2023\/09\/desktop-geral.gif\"\/><a\/>--><\/div><style type=\"text\/css\">\r\n.yizda69f52c0987053 {\r\ntext-align: center;\nmargin-bottom: 1em;\r\n}\r\n@media screen and (min-width: 1201px) {\r\n.yizda69f52c0987053 {\r\ndisplay: block;\r\n}\r\n}\r\n@media screen and (min-width: 993px) and (max-width: 1200px) {\r\n.yizda69f52c0987053 {\r\ndisplay: block;\r\n}\r\n}\r\n@media screen and (min-width: 769px) and (max-width: 992px) {\r\n.yizda69f52c0987053 {\r\ndisplay: block;\r\n}\r\n}\r\n@media screen and (min-width: 768px) and (max-width: 768px) {\r\n.yizda69f52c0987053 {\r\ndisplay: none;\r\n}\r\n}\r\n@media screen and (max-width: 767px) {\r\n.yizda69f52c0987053 {\r\ndisplay: none;\r\n}\r\n}\r\n<\/style>\r\n\n\n\n\n<p>Para ela, por outro lado, ocupar uma posi\u00e7\u00e3o t\u00e3o importante no Poder Judici\u00e1rio \u00e9 tamb\u00e9m uma forma de inspirar outros pretos e pretas e contribuir para a derrocada do racismo estrutural. \u201cEstava no meu gabinete e chegou uma mulher com a filha negra de 8 anos, que sofreu bullying na escola. Disseram que ela n\u00e3o poderia ser nada por ser \u2018escura\u2019, e ela ficou o dia inteiro tomando banho e passando talco pra clarear a pele. Abri a porta e ela me olhou muito impactada, paralisada, n\u00e3o andava. Chamei ela, elogiei, e ela perguntou: &#8216;voc\u00ea que \u00e9 a ju\u00edza?&#8217; Quando confirmei, ela virou pra m\u00e3e e disse &#8216;olha, m\u00e3e, ela tem a cor igual \u00e0 minha!&#8217; Representatividade importa&#8221;, emociona-se a magistrada.<\/p>\n\n\n\n<p>Di\u00e1rio do Nordeste<\/p>\n","protected":false},"excerpt":{"rendered":"<p>A ficha de que a sujei\u00e7\u00e3o \u00e0 viol\u00eancia estava na pr\u00f3pria pele s\u00f3 caiu para\u00a0Bruna Rodrigues, 33, quando ela se tornou ju\u00edza de Direito. Natural de S\u00e3o Paulo e oriunda \u201cde uma fam\u00edlia humilde, com todas as dificuldades inerentes a quem teve que estudar em escola p\u00fablica\u201d, a magistrada \u00e9 titular da Vara \u00danica de<br \/><a class=\"more-link\" href=\"https:\/\/justicapotiguar.com.br\/index.php\/2020\/06\/06\/vivo-o-racismo-todos-os-dias-ate-na-magistratura-juiza-relata-preconceitos\/\">Mais&#8230;<\/a><\/p>\n","protected":false},"author":5,"featured_media":10334,"comment_status":"open","ping_status":"open","sticky":false,"template":"","format":"standard","meta":[],"categories":[3],"tags":[],"_links":{"self":[{"href":"https:\/\/justicapotiguar.com.br\/index.php\/wp-json\/wp\/v2\/posts\/10333"}],"collection":[{"href":"https:\/\/justicapotiguar.com.br\/index.php\/wp-json\/wp\/v2\/posts"}],"about":[{"href":"https:\/\/justicapotiguar.com.br\/index.php\/wp-json\/wp\/v2\/types\/post"}],"author":[{"embeddable":true,"href":"https:\/\/justicapotiguar.com.br\/index.php\/wp-json\/wp\/v2\/users\/5"}],"replies":[{"embeddable":true,"href":"https:\/\/justicapotiguar.com.br\/index.php\/wp-json\/wp\/v2\/comments?post=10333"}],"version-history":[{"count":1,"href":"https:\/\/justicapotiguar.com.br\/index.php\/wp-json\/wp\/v2\/posts\/10333\/revisions"}],"predecessor-version":[{"id":10335,"href":"https:\/\/justicapotiguar.com.br\/index.php\/wp-json\/wp\/v2\/posts\/10333\/revisions\/10335"}],"wp:featuredmedia":[{"embeddable":true,"href":"https:\/\/justicapotiguar.com.br\/index.php\/wp-json\/wp\/v2\/media\/10334"}],"wp:attachment":[{"href":"https:\/\/justicapotiguar.com.br\/index.php\/wp-json\/wp\/v2\/media?parent=10333"}],"wp:term":[{"taxonomy":"category","embeddable":true,"href":"https:\/\/justicapotiguar.com.br\/index.php\/wp-json\/wp\/v2\/categories?post=10333"},{"taxonomy":"post_tag","embeddable":true,"href":"https:\/\/justicapotiguar.com.br\/index.php\/wp-json\/wp\/v2\/tags?post=10333"}],"curies":[{"name":"wp","href":"https:\/\/api.w.org\/{rel}","templated":true}]}}