{"id":10330,"date":"2020-06-06T11:01:12","date_gmt":"2020-06-06T14:01:12","guid":{"rendered":"https:\/\/justicapotiguar.com.br\/?p=10330"},"modified":"2020-06-06T09:03:26","modified_gmt":"2020-06-06T12:03:26","slug":"mpf-denuncia-ex-prefeito-de-sao-jose-de-campestre-por-desvio-de-recursos-da-merenda-escolar","status":"publish","type":"post","link":"https:\/\/justicapotiguar.com.br\/index.php\/2020\/06\/06\/mpf-denuncia-ex-prefeito-de-sao-jose-de-campestre-por-desvio-de-recursos-da-merenda-escolar\/","title":{"rendered":"MPF denuncia ex-prefeito de S\u00e3o Jos\u00e9 de Campestre por desvio de recursos da merenda escolar"},"content":{"rendered":"\n<p>O Minist\u00e9rio P\u00fablico Federal (MPF) apresentou den\u00fancia contra um ex-prefeito de S\u00e3o Jos\u00e9 de Campestre, Jos\u00e9 \u201cZequinha\u201d Borges Segundo, por desviar recursos da merenda escolar atrav\u00e9s da contrata\u00e7\u00e3o irregular de uma empresa, em um preju\u00edzo de R$ 181 mil aos cofres p\u00fablicos. Al\u00e9m dele, foram denunciados o ent\u00e3o controlador-geral do Munic\u00edpio Jos\u00e9 Cl\u00e1udio da Silva (genro de Zequinha) e o empres\u00e1rio Miguel Teixeira de Oliveira, s\u00f3cio da KM Distribuidora de Alimentos Ltda.<\/p>\n\n\n\n<figure class=\"wp-block-image\"><img loading=\"lazy\" width=\"772\" height=\"768\" src=\"https:\/\/justicapotiguar.com.br\/wp-content\/uploads\/2020\/06\/90bf9eb98d3d68f2a7d6eb063dcda093.jpg\" alt=\"\" class=\"wp-image-10331\" srcset=\"https:\/\/justicapotiguar.com.br\/wp-content\/uploads\/2020\/06\/90bf9eb98d3d68f2a7d6eb063dcda093.jpg 772w, https:\/\/justicapotiguar.com.br\/wp-content\/uploads\/2020\/06\/90bf9eb98d3d68f2a7d6eb063dcda093-150x150.jpg 150w, https:\/\/justicapotiguar.com.br\/wp-content\/uploads\/2020\/06\/90bf9eb98d3d68f2a7d6eb063dcda093-300x298.jpg 300w, https:\/\/justicapotiguar.com.br\/wp-content\/uploads\/2020\/06\/90bf9eb98d3d68f2a7d6eb063dcda093-768x764.jpg 768w\" sizes=\"(max-width: 772px) 100vw, 772px\" \/><figcaption>Reprodu\u00e7\u00e3o<\/figcaption><\/figure>\n\n\n\n<p>Eles dever\u00e3o responder por dispensa indevida de licita\u00e7\u00e3o, corrup\u00e7\u00e3o passiva (o ex-prefeito e o genro), corrup\u00e7\u00e3o ativa (o empres\u00e1rio) e poder\u00e3o ter de reparar os R$ 181 mil desviados. Essa foi a quantia paga \u00e0 empresa entre janeiro de 2011 e setembro de 2012 pela Prefeitura, verba proveniente do Programa Nacional de Alimenta\u00e7\u00e3o Escolar (PNAE).<\/p>\n\n\n\n<p>Miguel Teixeira chegou a fazer dep\u00f3sitos nas contas do ex-prefeito e do ex-controlador, que tamb\u00e9m repassou valores ao sogro. Eles montaram processos licitat\u00f3rios que nunca ocorreram de fato e, enquanto em 2011 os repasses \u00e0 empresa foram feitos a partir de uma minuta de contrato assinada em branco (n\u00e3o possu\u00eda n\u00famero, dados da contratada, valor, objeto ou vig\u00eancia), em 2012 sequer contrato existia.<\/p>\n\n\n\n<p><strong>Irregularidades<\/strong>&nbsp;&#8211; As suspeitas surgiram a partir de um relat\u00f3rio da Controladoria-Geral da Uni\u00e3o (CGU), no qual foi constatado \u201cum acervo de ilicitudes na execu\u00e7\u00e3o de diversos programas federais, que s\u00e3o objeto de m\u00faltiplas a\u00e7\u00f5es penais e de improbidade administrativa em curso\u201d. Uma das irregularidades dizia respeito ao dinheiro da merenda escolar.<\/p>\n\n\n\n<p>Por um lado, os representantes da CGU visitaram diversas escolas do munic\u00edpio em outubro de 2012 e constataram que 75% dos alunos estavam sem merenda, o que ocasionava suspens\u00e3o das aulas, ou redu\u00e7\u00e3o da carga hor\u00e1ria. De outro, verificou-se que um suposto preg\u00e3o realizado em 2010 &#8211; base para os repasses \u00e0 empresa em 2011 &#8211; e que uma ades\u00e3o \u00e0 ata de outro munic\u00edpio em 2012 foram forjados, para esconder a contrata\u00e7\u00e3o direta da KM.<\/p>\n\n\n\n<p><strong>\u201cLicita\u00e7\u00f5es\u201d<\/strong>&nbsp;&#8211; Do preg\u00e3o supostamente realizado em abril de 2010, apenas a KM participou. N\u00e3o houve pesquisa de pre\u00e7os e o processo se baseou nos valores oferecidos pela pr\u00f3pria empresa. V\u00e1rios documentos foram assinados por um pregoeiro que s\u00f3 veio a ser designado para a fun\u00e7\u00e3o em 2011 e a documenta\u00e7\u00e3o inclui at\u00e9 mesmo alguns pap\u00e9is referentes a um processo realizado em outro munic\u00edpio, bem como informa\u00e7\u00f5es de diversos produtos que n\u00e3o estavam previstos no edital.<\/p><div class=\"kigbi69f194af9598c\" ><!--<a href=\"https:\/\/bit.ly\/3QdrqTZ\" target=\"_blank\">\n<img src=\"https:\/\/justicapotiguar.com.br\/wp-content\/uploads\/2023\/09\/mobile-geral.gif\"\/><a\/>--><\/div><style type=\"text\/css\">\r\n.kigbi69f194af9598c {\r\ntext-align: center;\r\n}\r\n@media screen and (min-width: 1201px) {\r\n.kigbi69f194af9598c {\r\ndisplay: none;\r\n}\r\n}\r\n@media screen and (min-width: 993px) and (max-width: 1200px) {\r\n.kigbi69f194af9598c {\r\ndisplay: none;\r\n}\r\n}\r\n@media screen and (min-width: 769px) and (max-width: 992px) {\r\n.kigbi69f194af9598c {\r\ndisplay: none;\r\n}\r\n}\r\n@media screen and (min-width: 768px) and (max-width: 768px) {\r\n.kigbi69f194af9598c {\r\ndisplay: block;\r\n}\r\n}\r\n@media screen and (max-width: 767px) {\r\n.kigbi69f194af9598c {\r\ndisplay: block;\r\n}\r\n}\r\n<\/style>\r\n<div class=\"yfmon69f194af95976\" ><!--<a href=\"https:\/\/bit.ly\/3QdrqTZ\" target=\"_blank\">\n<img src=\"https:\/\/justicapotiguar.com.br\/wp-content\/uploads\/2023\/09\/desktop-geral.gif\"\/><a\/>--><\/div><style type=\"text\/css\">\r\n.yfmon69f194af95976 {\r\ntext-align: center;\nmargin-bottom: 1em;\r\n}\r\n@media screen and (min-width: 1201px) {\r\n.yfmon69f194af95976 {\r\ndisplay: block;\r\n}\r\n}\r\n@media screen and (min-width: 993px) and (max-width: 1200px) {\r\n.yfmon69f194af95976 {\r\ndisplay: block;\r\n}\r\n}\r\n@media screen and (min-width: 769px) and (max-width: 992px) {\r\n.yfmon69f194af95976 {\r\ndisplay: block;\r\n}\r\n}\r\n@media screen and (min-width: 768px) and (max-width: 768px) {\r\n.yfmon69f194af95976 {\r\ndisplay: none;\r\n}\r\n}\r\n@media screen and (max-width: 767px) {\r\n.yfmon69f194af95976 {\r\ndisplay: none;\r\n}\r\n}\r\n<\/style>\r\n\n\n\n\n<p>A homologa\u00e7\u00e3o de alguns itens dessa licita\u00e7\u00e3o ocorreu menos de 10 segundos ap\u00f3s a etapa anterior, a adjudica\u00e7\u00e3o, mesmo prevendo a necessidade de diversos tr\u00e2mites e pareceres. Al\u00e9m disso, n\u00e3o h\u00e1 qualquer documento de habilita\u00e7\u00e3o da empresa KM no processo.<\/p>\n\n\n\n<p>Em 2012, o novo procedimento apresenta ainda mais irregularidades. A suposta ades\u00e3o a uma ata de registro de outra prefeitura, Nova Cruz, foi feita sem qualquer justificativa, n\u00e3o havendo novamente qualquer pesquisa de pre\u00e7os. Os documentos n\u00e3o foram numerados e o of\u00edcio solicitando a ades\u00e3o \u00e0 ata teria sido emitido em 29 de fevereiro daquele ano, v\u00e9spera do in\u00edcio do ano letivo.<\/p>\n\n\n\n<p>Na ata de Nova Cruz havia outras empresas que venceram alguns dos itens licitados, por\u00e9m a Prefeitura de S\u00e3o Jos\u00e9 de Campestre solicitou resposta apenas da KM, \u201co que demonstra que o interesse estava direcionado \u00e0 empresa\u201d.<\/p>\n\n\n\n<p><strong>Propina<\/strong>&nbsp;\u2013 Jos\u00e9 Cl\u00e1udio, na condi\u00e7\u00e3o de controlador-geral do munic\u00edpio, atestou a suposta regularidade dos procedimentos. E foi para a conta dele que Miguel Teixeira realizou seis transfer\u00eancias (somando mais de R$ 4 mil), entre junho de 2010 e junho de 2011. Entre abril de 2010 e junho de 2012, o controlador fez 12 transfer\u00eancias para as contas do sogro, totalizando mais de R$ 11 mil.<\/p>\n\n\n\n<p>Miguel Teixeira, contudo, chegou mesmo a fazer um dep\u00f3sito diretamente na conta do ent\u00e3o prefeito, no valor de R$ 1.500, apenas seis dias ap\u00f3s a Prefeitura ter pago uma das parcelas da empresa, em outubro de 2011. Durante a investiga\u00e7\u00e3o, nem Zequinha Borges nem Jos\u00e9 Cl\u00e1udio souberam explicar o dinheiro recebido do s\u00f3cio da KM.<\/p>\n\n\n\n<p>A den\u00fancia ir\u00e1 tramitar na Justi\u00e7a Federal sob o n\u00famero 0803730-29.2020.4.05.8400.<br><\/p>\n","protected":false},"excerpt":{"rendered":"<p>O Minist\u00e9rio P\u00fablico Federal (MPF) apresentou den\u00fancia contra um ex-prefeito de S\u00e3o Jos\u00e9 de Campestre, Jos\u00e9 \u201cZequinha\u201d Borges Segundo, por desviar recursos da merenda escolar atrav\u00e9s da contrata\u00e7\u00e3o irregular de uma empresa, em um preju\u00edzo de R$ 181 mil aos cofres p\u00fablicos. Al\u00e9m dele, foram denunciados o ent\u00e3o controlador-geral do Munic\u00edpio Jos\u00e9 Cl\u00e1udio da Silva<br \/><a class=\"more-link\" href=\"https:\/\/justicapotiguar.com.br\/index.php\/2020\/06\/06\/mpf-denuncia-ex-prefeito-de-sao-jose-de-campestre-por-desvio-de-recursos-da-merenda-escolar\/\">Mais&#8230;<\/a><\/p>\n","protected":false},"author":5,"featured_media":10331,"comment_status":"open","ping_status":"open","sticky":false,"template":"","format":"standard","meta":[],"categories":[3],"tags":[],"_links":{"self":[{"href":"https:\/\/justicapotiguar.com.br\/index.php\/wp-json\/wp\/v2\/posts\/10330"}],"collection":[{"href":"https:\/\/justicapotiguar.com.br\/index.php\/wp-json\/wp\/v2\/posts"}],"about":[{"href":"https:\/\/justicapotiguar.com.br\/index.php\/wp-json\/wp\/v2\/types\/post"}],"author":[{"embeddable":true,"href":"https:\/\/justicapotiguar.com.br\/index.php\/wp-json\/wp\/v2\/users\/5"}],"replies":[{"embeddable":true,"href":"https:\/\/justicapotiguar.com.br\/index.php\/wp-json\/wp\/v2\/comments?post=10330"}],"version-history":[{"count":1,"href":"https:\/\/justicapotiguar.com.br\/index.php\/wp-json\/wp\/v2\/posts\/10330\/revisions"}],"predecessor-version":[{"id":10332,"href":"https:\/\/justicapotiguar.com.br\/index.php\/wp-json\/wp\/v2\/posts\/10330\/revisions\/10332"}],"wp:featuredmedia":[{"embeddable":true,"href":"https:\/\/justicapotiguar.com.br\/index.php\/wp-json\/wp\/v2\/media\/10331"}],"wp:attachment":[{"href":"https:\/\/justicapotiguar.com.br\/index.php\/wp-json\/wp\/v2\/media?parent=10330"}],"wp:term":[{"taxonomy":"category","embeddable":true,"href":"https:\/\/justicapotiguar.com.br\/index.php\/wp-json\/wp\/v2\/categories?post=10330"},{"taxonomy":"post_tag","embeddable":true,"href":"https:\/\/justicapotiguar.com.br\/index.php\/wp-json\/wp\/v2\/tags?post=10330"}],"curies":[{"name":"wp","href":"https:\/\/api.w.org\/{rel}","templated":true}]}}