{"id":10082,"date":"2020-05-28T10:45:19","date_gmt":"2020-05-28T13:45:19","guid":{"rendered":"https:\/\/justicapotiguar.com.br\/?p=10082"},"modified":"2020-05-28T10:28:36","modified_gmt":"2020-05-28T13:28:36","slug":"suspensao-do-expediente-presencial-no-tjrn-mp-tce-e-dpe-rn-e-prorrogada-ate-14-de-junho","status":"publish","type":"post","link":"https:\/\/justicapotiguar.com.br\/index.php\/2020\/05\/28\/suspensao-do-expediente-presencial-no-tjrn-mp-tce-e-dpe-rn-e-prorrogada-ate-14-de-junho\/","title":{"rendered":"Suspens\u00e3o do expediente presencial no TJRN, MP, TCE e DPE\/RN \u00e9 prorrogada at\u00e9 14 de junho"},"content":{"rendered":"\n<figure class=\"wp-block-image\"><img loading=\"lazy\" width=\"750\" height=\"500\" src=\"https:\/\/justicapotiguar.com.br\/wp-content\/uploads\/2020\/02\/TJRN-6.jpg\" alt=\"\" class=\"wp-image-6120\" srcset=\"https:\/\/justicapotiguar.com.br\/wp-content\/uploads\/2020\/02\/TJRN-6.jpg 750w, https:\/\/justicapotiguar.com.br\/wp-content\/uploads\/2020\/02\/TJRN-6-300x200.jpg 300w\" sizes=\"(max-width: 750px) 100vw, 750px\" \/><\/figure>\n\n\n\n<p>Foi estendida, at\u00e9 o dia 14 de junho, a suspens\u00e3o do expediente presencial em todas as unidades do Poder Judici\u00e1rio, do Minist\u00e9rio P\u00fablico, da Defensoria P\u00fablica e do Tribunal de Contas do Estado do Rio Grande do Norte.<\/p>\n\n\n\n<p>A medida leva em considera\u00e7\u00e3o a persist\u00eancia do quadro de emerg\u00eancia em sa\u00fade p\u00fablica envolvendo o novo coronav\u00edrus (Covid-19). Assim, os membros e servidores dessas institui\u00e7\u00f5es devem permanecer em regime de trabalho remoto.<\/p><div class=\"hzfvj69ec88e989b9c\" ><!--<a href=\"https:\/\/bit.ly\/3QdrqTZ\" target=\"_blank\">\n<img src=\"https:\/\/justicapotiguar.com.br\/wp-content\/uploads\/2023\/09\/mobile-geral.gif\"\/><a\/>--><\/div><style type=\"text\/css\">\r\n.hzfvj69ec88e989b9c {\r\ntext-align: center;\r\n}\r\n@media screen and (min-width: 1201px) {\r\n.hzfvj69ec88e989b9c {\r\ndisplay: none;\r\n}\r\n}\r\n@media screen and (min-width: 993px) and (max-width: 1200px) {\r\n.hzfvj69ec88e989b9c {\r\ndisplay: none;\r\n}\r\n}\r\n@media screen and (min-width: 769px) and (max-width: 992px) {\r\n.hzfvj69ec88e989b9c {\r\ndisplay: none;\r\n}\r\n}\r\n@media screen and (min-width: 768px) and (max-width: 768px) {\r\n.hzfvj69ec88e989b9c {\r\ndisplay: block;\r\n}\r\n}\r\n@media screen and (max-width: 767px) {\r\n.hzfvj69ec88e989b9c {\r\ndisplay: block;\r\n}\r\n}\r\n<\/style>\r\n<div class=\"veine69ec88e989b80\" ><!--<a href=\"https:\/\/bit.ly\/3QdrqTZ\" target=\"_blank\">\n<img src=\"https:\/\/justicapotiguar.com.br\/wp-content\/uploads\/2023\/09\/desktop-geral.gif\"\/><a\/>--><\/div><style type=\"text\/css\">\r\n.veine69ec88e989b80 {\r\ntext-align: center;\nmargin-bottom: 1em;\r\n}\r\n@media screen and (min-width: 1201px) {\r\n.veine69ec88e989b80 {\r\ndisplay: block;\r\n}\r\n}\r\n@media screen and (min-width: 993px) and (max-width: 1200px) {\r\n.veine69ec88e989b80 {\r\ndisplay: block;\r\n}\r\n}\r\n@media screen and (min-width: 769px) and (max-width: 992px) {\r\n.veine69ec88e989b80 {\r\ndisplay: block;\r\n}\r\n}\r\n@media screen and (min-width: 768px) and (max-width: 768px) {\r\n.veine69ec88e989b80 {\r\ndisplay: none;\r\n}\r\n}\r\n@media screen and (max-width: 767px) {\r\n.veine69ec88e989b80 {\r\ndisplay: none;\r\n}\r\n}\r\n<\/style>\r\n\n\n\n\n<p>O Ato Conjunto n\u00ba 004\/2020\/TJRN\/MPRN\/DPERN\/TCERN foi assinado nessa ter\u00e7a-feira (26), pelo presidente do Tribunal de Justi\u00e7a, desembargador Jo\u00e3o Rebou\u00e7as; pelo procurador-geral de Justi\u00e7a, promotor Eudo Rodrigues Leite; pelo defensor p\u00fablico-geral, defensor Marcus Vinicius Soares Alves e pelo presidente do Tribunal de Contas do Estado, conselheiro Francisco Potiguar Cavalcanti J\u00fanior.<\/p>\n\n\n\n<p>O normativo observa que a suspens\u00e3o do expediente presencial poder\u00e1 ser prorrogada e que o retorno das atividades presenciais em todas as unidades do Poder Judici\u00e1rio, do Minist\u00e9rio P\u00fablico, da Defensoria P\u00fablica e do Tribunal de Contas do Estado do Rio Grande do Norte, ap\u00f3s o dia 14 de junho de 2020, ser\u00e1 gradual, levando em considera\u00e7\u00e3o as peculiaridades locais e de cada \u00f3rg\u00e3o\/poder.&nbsp;<\/p>\n","protected":false},"excerpt":{"rendered":"<p>Foi estendida, at\u00e9 o dia 14 de junho, a suspens\u00e3o do expediente presencial em todas as unidades do Poder Judici\u00e1rio, do Minist\u00e9rio P\u00fablico, da Defensoria P\u00fablica e do Tribunal de Contas do Estado do Rio Grande do Norte. A medida leva em considera\u00e7\u00e3o a persist\u00eancia do quadro de emerg\u00eancia em sa\u00fade p\u00fablica envolvendo o novo<br \/><a class=\"more-link\" href=\"https:\/\/justicapotiguar.com.br\/index.php\/2020\/05\/28\/suspensao-do-expediente-presencial-no-tjrn-mp-tce-e-dpe-rn-e-prorrogada-ate-14-de-junho\/\">Mais&#8230;<\/a><\/p>\n","protected":false},"author":5,"featured_media":6120,"comment_status":"open","ping_status":"open","sticky":false,"template":"","format":"standard","meta":[],"categories":[3],"tags":[],"_links":{"self":[{"href":"https:\/\/justicapotiguar.com.br\/index.php\/wp-json\/wp\/v2\/posts\/10082"}],"collection":[{"href":"https:\/\/justicapotiguar.com.br\/index.php\/wp-json\/wp\/v2\/posts"}],"about":[{"href":"https:\/\/justicapotiguar.com.br\/index.php\/wp-json\/wp\/v2\/types\/post"}],"author":[{"embeddable":true,"href":"https:\/\/justicapotiguar.com.br\/index.php\/wp-json\/wp\/v2\/users\/5"}],"replies":[{"embeddable":true,"href":"https:\/\/justicapotiguar.com.br\/index.php\/wp-json\/wp\/v2\/comments?post=10082"}],"version-history":[{"count":1,"href":"https:\/\/justicapotiguar.com.br\/index.php\/wp-json\/wp\/v2\/posts\/10082\/revisions"}],"predecessor-version":[{"id":10083,"href":"https:\/\/justicapotiguar.com.br\/index.php\/wp-json\/wp\/v2\/posts\/10082\/revisions\/10083"}],"wp:featuredmedia":[{"embeddable":true,"href":"https:\/\/justicapotiguar.com.br\/index.php\/wp-json\/wp\/v2\/media\/6120"}],"wp:attachment":[{"href":"https:\/\/justicapotiguar.com.br\/index.php\/wp-json\/wp\/v2\/media?parent=10082"}],"wp:term":[{"taxonomy":"category","embeddable":true,"href":"https:\/\/justicapotiguar.com.br\/index.php\/wp-json\/wp\/v2\/categories?post=10082"},{"taxonomy":"post_tag","embeddable":true,"href":"https:\/\/justicapotiguar.com.br\/index.php\/wp-json\/wp\/v2\/tags?post=10082"}],"curies":[{"name":"wp","href":"https:\/\/api.w.org\/{rel}","templated":true}]}}