{"id":10002,"date":"2020-05-26T15:56:06","date_gmt":"2020-05-26T18:56:06","guid":{"rendered":"https:\/\/justicapotiguar.com.br\/?p=10002"},"modified":"2020-05-26T15:28:23","modified_gmt":"2020-05-26T18:28:23","slug":"mossoro-mprn-recomenda-que-instituicoes-de-ensino-superior-concedam-descontos-de-mensalidades","status":"publish","type":"post","link":"https:\/\/justicapotiguar.com.br\/index.php\/2020\/05\/26\/mossoro-mprn-recomenda-que-instituicoes-de-ensino-superior-concedam-descontos-de-mensalidades\/","title":{"rendered":"Mossor\u00f3: MPRN recomenda que institui\u00e7\u00f5es de ensino superior concedam descontos de mensalidades"},"content":{"rendered":"\n<figure class=\"wp-block-image\"><img loading=\"lazy\" width=\"680\" height=\"366\" src=\"https:\/\/justicapotiguar.com.br\/wp-content\/uploads\/2020\/03\/27D11F77FEB0DBADECD467F31992A6DD9727_dinheiro.jpg\" alt=\"\" class=\"wp-image-8146\" srcset=\"https:\/\/justicapotiguar.com.br\/wp-content\/uploads\/2020\/03\/27D11F77FEB0DBADECD467F31992A6DD9727_dinheiro.jpg 680w, https:\/\/justicapotiguar.com.br\/wp-content\/uploads\/2020\/03\/27D11F77FEB0DBADECD467F31992A6DD9727_dinheiro-300x161.jpg 300w\" sizes=\"(max-width: 680px) 100vw, 680px\" \/><figcaption>Reprodu\u00e7\u00e3o<\/figcaption><\/figure>\n\n\n\n<p>O Minist\u00e9rio P\u00fablico do Rio Grande do Norte (MPRN), por meio da 2\u00aa Promotoria de Justi\u00e7a de Mossor\u00f3, que atua na defesa dos direitos dos consumidores, editou uma recomenda\u00e7\u00e3o para que todas as institui\u00e7\u00f5es da rede privada de ensino superior da cidade flexibilizem as san\u00e7\u00f5es contratuais para aqueles que n\u00e3o puderem realizar o pagamento das mensalidades enquanto perdurar a pandemia do novo coronav\u00edrus (Covid-19) e os decretos de isolamento social e suspens\u00e3o de aulas presenciais.\u00a0<\/p>\n\n\n\n<p>Al\u00e9m disso, o MPRN recomendou que as institui\u00e7\u00f5es de ensino superior privadas de Mossor\u00f3 concedam o desconto correspondente \u00e0 economia que tiver nos custos durante a suspens\u00e3o das aulas presenciais, como no exemplo da diminui\u00e7\u00e3o da conta de energia, \u00e1gua, dentre outros, a serem demonstrados em planilha comparativa, caso n\u00e3o ofere\u00e7a a reposi\u00e7\u00e3o integral das aulas presenciais ap\u00f3s a pandemia.\u00a0<\/p>\n\n\n\n<p>O MPRN recomendou ainda que essas institui\u00e7\u00f5es forne\u00e7am condi\u00e7\u00f5es de pagamento posterior sem encargos financeiros. A inten\u00e7\u00e3o da 2\u00aa Promotoria de Justi\u00e7a de Mossor\u00f3 \u00e9, ainda, que se evite a judicializa\u00e7\u00e3o das situa\u00e7\u00f5es ocorridas durante a pandemia, tendo em vista que a prote\u00e7\u00e3o ao consumidor, as boas pr\u00e1ticas do mercado e a pol\u00edtica de relacionamento da empresa fornecedora devem servir como par\u00e2metro nas negocia\u00e7\u00f5es junto ao p\u00fablico consumidor, de modo a que se busquem todas as formas de conciliar a manuten\u00e7\u00e3o do contrato.\u00a0<\/p><div class=\"amfqv69f5a06bb2d16\" ><!--<a href=\"https:\/\/bit.ly\/3QdrqTZ\" target=\"_blank\">\n<img src=\"https:\/\/justicapotiguar.com.br\/wp-content\/uploads\/2023\/09\/mobile-geral.gif\"\/><a\/>--><\/div><style type=\"text\/css\">\r\n.amfqv69f5a06bb2d16 {\r\ntext-align: center;\r\n}\r\n@media screen and (min-width: 1201px) {\r\n.amfqv69f5a06bb2d16 {\r\ndisplay: none;\r\n}\r\n}\r\n@media screen and (min-width: 993px) and (max-width: 1200px) {\r\n.amfqv69f5a06bb2d16 {\r\ndisplay: none;\r\n}\r\n}\r\n@media screen and (min-width: 769px) and (max-width: 992px) {\r\n.amfqv69f5a06bb2d16 {\r\ndisplay: none;\r\n}\r\n}\r\n@media screen and (min-width: 768px) and (max-width: 768px) {\r\n.amfqv69f5a06bb2d16 {\r\ndisplay: block;\r\n}\r\n}\r\n@media screen and (max-width: 767px) {\r\n.amfqv69f5a06bb2d16 {\r\ndisplay: block;\r\n}\r\n}\r\n<\/style>\r\n<div class=\"mcuye69f5a06bb2cf6\" ><!--<a href=\"https:\/\/bit.ly\/3QdrqTZ\" target=\"_blank\">\n<img src=\"https:\/\/justicapotiguar.com.br\/wp-content\/uploads\/2023\/09\/desktop-geral.gif\"\/><a\/>--><\/div><style type=\"text\/css\">\r\n.mcuye69f5a06bb2cf6 {\r\ntext-align: center;\nmargin-bottom: 1em;\r\n}\r\n@media screen and (min-width: 1201px) {\r\n.mcuye69f5a06bb2cf6 {\r\ndisplay: block;\r\n}\r\n}\r\n@media screen and (min-width: 993px) and (max-width: 1200px) {\r\n.mcuye69f5a06bb2cf6 {\r\ndisplay: block;\r\n}\r\n}\r\n@media screen and (min-width: 769px) and (max-width: 992px) {\r\n.mcuye69f5a06bb2cf6 {\r\ndisplay: block;\r\n}\r\n}\r\n@media screen and (min-width: 768px) and (max-width: 768px) {\r\n.mcuye69f5a06bb2cf6 {\r\ndisplay: none;\r\n}\r\n}\r\n@media screen and (max-width: 767px) {\r\n.mcuye69f5a06bb2cf6 {\r\ndisplay: none;\r\n}\r\n}\r\n<\/style>\r\n\n\n\n\n<p>As institui\u00e7\u00f5es devem encaminhar aos seus consumidores contratantes planilha de custos, preferencialmente por correio eletr\u00f4nico, e, ainda, publicarem as referidas planilhas em seus s\u00edtios eletr\u00f4nicos, visando dar ampla publicidade aos consumidores, referente aos meses compreendidos no per\u00edodo de suspens\u00e3o das aulas, bem como a relativa ao ano letivo de 2020, elaborada, \u00e0 \u00e9poca, sem a previs\u00e3o na pandemia da Covid-19.\u00a0<\/p>\n\n\n\n<p>A recomenda\u00e7\u00e3o ministerial lista ainda diversas situa\u00e7\u00f5es que devem ser esclarecidas aos consumidores como eventual realiza\u00e7\u00e3o de aulas presenciais em per\u00edodo posterior, com a consequente modifica\u00e7\u00e3o do calend\u00e1rio de aulas e de f\u00e9rias; sobre eventual presta\u00e7\u00e3o das aulas na modalidade \u00e0 dist\u00e2ncia ou n\u00e3o presencial, observada a legisla\u00e7\u00e3o vigente do Minist\u00e9rio da Educa\u00e7\u00e3o; e sobre redu\u00e7\u00e3o imediata do valor das mensalidades no decorrer do per\u00edodo da suspens\u00e3o das aulas, referente \u00e0 suspens\u00e3o de contratos acess\u00f3rios.\u00a0Para ler o documento na \u00edntegra, clique\u00a0<a href=\"https:\/\/mprn.mp.br\/portal\/images\/files\/2020\/20200521_Mossoro_recomendao_Instituicoes_Ensino_Privadas.pdf\">aqui<\/a>.<\/p>\n","protected":false},"excerpt":{"rendered":"<p>O Minist\u00e9rio P\u00fablico do Rio Grande do Norte (MPRN), por meio da 2\u00aa Promotoria de Justi\u00e7a de Mossor\u00f3, que atua na defesa dos direitos dos consumidores, editou uma recomenda\u00e7\u00e3o para que todas as institui\u00e7\u00f5es da rede privada de ensino superior da cidade flexibilizem as san\u00e7\u00f5es contratuais para aqueles que n\u00e3o puderem realizar o pagamento das<br \/><a class=\"more-link\" href=\"https:\/\/justicapotiguar.com.br\/index.php\/2020\/05\/26\/mossoro-mprn-recomenda-que-instituicoes-de-ensino-superior-concedam-descontos-de-mensalidades\/\">Mais&#8230;<\/a><\/p>\n","protected":false},"author":5,"featured_media":8146,"comment_status":"open","ping_status":"open","sticky":false,"template":"","format":"standard","meta":[],"categories":[3],"tags":[],"_links":{"self":[{"href":"https:\/\/justicapotiguar.com.br\/index.php\/wp-json\/wp\/v2\/posts\/10002"}],"collection":[{"href":"https:\/\/justicapotiguar.com.br\/index.php\/wp-json\/wp\/v2\/posts"}],"about":[{"href":"https:\/\/justicapotiguar.com.br\/index.php\/wp-json\/wp\/v2\/types\/post"}],"author":[{"embeddable":true,"href":"https:\/\/justicapotiguar.com.br\/index.php\/wp-json\/wp\/v2\/users\/5"}],"replies":[{"embeddable":true,"href":"https:\/\/justicapotiguar.com.br\/index.php\/wp-json\/wp\/v2\/comments?post=10002"}],"version-history":[{"count":1,"href":"https:\/\/justicapotiguar.com.br\/index.php\/wp-json\/wp\/v2\/posts\/10002\/revisions"}],"predecessor-version":[{"id":10003,"href":"https:\/\/justicapotiguar.com.br\/index.php\/wp-json\/wp\/v2\/posts\/10002\/revisions\/10003"}],"wp:featuredmedia":[{"embeddable":true,"href":"https:\/\/justicapotiguar.com.br\/index.php\/wp-json\/wp\/v2\/media\/8146"}],"wp:attachment":[{"href":"https:\/\/justicapotiguar.com.br\/index.php\/wp-json\/wp\/v2\/media?parent=10002"}],"wp:term":[{"taxonomy":"category","embeddable":true,"href":"https:\/\/justicapotiguar.com.br\/index.php\/wp-json\/wp\/v2\/categories?post=10002"},{"taxonomy":"post_tag","embeddable":true,"href":"https:\/\/justicapotiguar.com.br\/index.php\/wp-json\/wp\/v2\/tags?post=10002"}],"curies":[{"name":"wp","href":"https:\/\/api.w.org\/{rel}","templated":true}]}}